{"id":1,"date":"2026-03-19T13:22:07","date_gmt":"2026-03-19T12:22:07","guid":{"rendered":"https:\/\/www.management.ma-whitley.com\/?p=1"},"modified":"2026-03-19T22:59:24","modified_gmt":"2026-03-19T21:59:24","slug":"bonjour-tout-le-monde","status":"publish","type":"post","link":"https:\/\/www.management.ma-whitley.com\/index.php\/2026\/03\/19\/bonjour-tout-le-monde\/","title":{"rendered":"L&rsquo; Artiste globale et engag\u00e9e."},"content":{"rendered":"\n<h3 class=\"wp-block-heading\">\u2014Une artiste globale au service du sens.<\/h3>\n\n\n\n<figure class=\"wp-block-image size-large\"><img loading=\"lazy\" decoding=\"async\" width=\"796\" height=\"1024\" src=\"https:\/\/www.management.ma-whitley.com\/wp-content\/uploads\/2026\/03\/482032884_1762881417619541_396917524476545016_n-796x1024.jpg\" alt=\"\" class=\"wp-image-205\" srcset=\"https:\/\/www.management.ma-whitley.com\/wp-content\/uploads\/2026\/03\/482032884_1762881417619541_396917524476545016_n-796x1024.jpg 796w, https:\/\/www.management.ma-whitley.com\/wp-content\/uploads\/2026\/03\/482032884_1762881417619541_396917524476545016_n-233x300.jpg 233w, https:\/\/www.management.ma-whitley.com\/wp-content\/uploads\/2026\/03\/482032884_1762881417619541_396917524476545016_n-768x987.jpg 768w, https:\/\/www.management.ma-whitley.com\/wp-content\/uploads\/2026\/03\/482032884_1762881417619541_396917524476545016_n-90x116.jpg 90w, https:\/\/www.management.ma-whitley.com\/wp-content\/uploads\/2026\/03\/482032884_1762881417619541_396917524476545016_n.jpg 896w\" sizes=\"auto, (max-width: 796px) 100vw, 796px\" \/><\/figure>\n\n\n\n<p>\u00catre artiste n\u2019a pas \u00e9t\u00e9, pour moi, un choix imm\u00e9diat. C\u2019est une r\u00e9v\u00e9lation qui s\u2019est impos\u00e9e avec le temps, presque comme une n\u00e9cessit\u00e9 int\u00e9rieure. Dans un parcours initialement structur\u00e9 autour de la recherche internationale, j\u2019ai longtemps \u00e9volu\u00e9 dans un univers de r\u00e9flexion, d\u2019analyse et de strat\u00e9gie. Pourtant, au c\u0153ur de cette exigence intellectuelle, il manquait quelque chose d\u2019essentiel : l\u2019expression.<\/p>\n\n\n\n<p>C\u2019est dans des moments de pause, de silence et de recentrage que j\u2019ai d\u00e9couvert cette dimension artistique qui m\u2019habitait d\u00e9j\u00e0, sans que je ne l\u2019aie pleinement reconnue. L\u2019\u00e9criture est venue en premier, comme un besoin de dire, de d\u00e9poser, de comprendre autrement. Puis la musique, le chant lyrique, la peinture, et m\u00eame le mannequinat engag\u00e9 se sont impos\u00e9s comme des langages compl\u00e9mentaires.<\/p>\n\n\n\n<p>Aujourd\u2019hui, je me d\u00e9finis comme une artiste globale, parce que mon art ne se limite pas \u00e0 une seule discipline. Il est multiple, vivant, et profond\u00e9ment li\u00e9 \u00e0 l\u2019humain. Chaque forme d\u2019expression devient un outil pour transmettre un message, \u00e9veiller des consciences, ou simplement cr\u00e9er du lien.<\/p>\n\n\n\n<p>Mon approche artistique est indissociable de mon engagement humanitaire. \u00catre mannequin, pour moi, ce n\u2019est pas seulement incarner une image, c\u2019est porter une cause. \u00c9crire, ce n\u2019est pas seulement raconter, c\u2019est donner une voix. Chanter, ce n\u2019est pas seulement interpr\u00e9ter, c\u2019est vibrer pour ceux qui n\u2019ont pas toujours les mots.<\/p>\n\n\n\n<p>Je parle souvent de \u201cVoice for voices, Face for causes, Beauty for purpose\u201d. Cette vision r\u00e9sume ce que je suis devenue : une artiste engag\u00e9e, consciente que la beaut\u00e9, lorsqu\u2019elle est port\u00e9e avec intention, peut devenir un v\u00e9ritable levier d\u2019impact.<\/p>\n\n\n\n<p>L\u2019art est aussi devenu une forme de th\u00e9rapie. Il me permet de m\u2019\u00e9vader, de me reconstruire, de transformer mes exp\u00e9riences en cr\u00e9ation. Il me donne la libert\u00e9 d\u2019\u00eatre pleinement moi-m\u00eame, sans filtre, sans contrainte.<\/p>\n\n\n\n<p>Aujourd\u2019hui, \u00eatre artiste globale, c\u2019est pour moi \u00eatre libre, engag\u00e9e, et profond\u00e9ment connect\u00e9e au monde. C\u2019est transformer chaque \u00e9motion, chaque exp\u00e9rience, en une opportunit\u00e9 de cr\u00e9er du sens.<\/p>\n\n\n\n<hr class=\"wp-block-separator has-alpha-channel-opacity\"\/>\n\n\n\n<h3 class=\"wp-block-heading\"><\/h3>\n","protected":false},"excerpt":{"rendered":"<p>\u2014Une artiste globale au service du sens. \u00catre artiste n\u2019a pas \u00e9t\u00e9, pour [&hellip;]<\/p>\n","protected":false},"author":1,"featured_media":0,"comment_status":"closed","ping_status":"closed","sticky":false,"template":"","format":"standard","meta":{"footnotes":""},"categories":[1],"tags":[],"class_list":["post-1","post","type-post","status-publish","format-standard","hentry","category-non-classe"],"_links":{"self":[{"href":"https:\/\/www.management.ma-whitley.com\/index.php\/wp-json\/wp\/v2\/posts\/1","targetHints":{"allow":["GET"]}}],"collection":[{"href":"https:\/\/www.management.ma-whitley.com\/index.php\/wp-json\/wp\/v2\/posts"}],"about":[{"href":"https:\/\/www.management.ma-whitley.com\/index.php\/wp-json\/wp\/v2\/types\/post"}],"author":[{"embeddable":true,"href":"https:\/\/www.management.ma-whitley.com\/index.php\/wp-json\/wp\/v2\/users\/1"}],"replies":[{"embeddable":true,"href":"https:\/\/www.management.ma-whitley.com\/index.php\/wp-json\/wp\/v2\/comments?post=1"}],"version-history":[{"count":0,"href":"https:\/\/www.management.ma-whitley.com\/index.php\/wp-json\/wp\/v2\/posts\/1\/revisions"}],"wp:attachment":[{"href":"https:\/\/www.management.ma-whitley.com\/index.php\/wp-json\/wp\/v2\/media?parent=1"}],"wp:term":[{"taxonomy":"category","embeddable":true,"href":"https:\/\/www.management.ma-whitley.com\/index.php\/wp-json\/wp\/v2\/categories?post=1"},{"taxonomy":"post_tag","embeddable":true,"href":"https:\/\/www.management.ma-whitley.com\/index.php\/wp-json\/wp\/v2\/tags?post=1"}],"curies":[{"name":"wp","href":"https:\/\/api.w.org\/{rel}","templated":true}]}}